{"id":136,"date":"2009-10-23T22:38:00","date_gmt":"2009-10-23T20:38:00","guid":{"rendered":"http:\/\/lghg.wordpress.com\/?p=136"},"modified":"2009-10-23T22:38:00","modified_gmt":"2009-10-23T20:38:00","slug":"besonders-stark-brennt-das-judenviertel","status":"publish","type":"post","link":"https:\/\/langenhagengegenrechts.de\/index.php\/2009\/10\/23\/besonders-stark-brennt-das-judenviertel\/","title":{"rendered":"&#8222;Besonders stark brennt das Judenviertel\u2026&#8220;"},"content":{"rendered":"<p>W\u00e4hrend der Zeit des Nationalsozialismus waren auf dem heutigen Gel\u00e4nde des Flughafen Hannover-Langenhagen Teile des Kampfgeschwaders 27 der Luftwaffe stationiert. Eine Facette der damit in Verbindung stehenden Geschichte wird auf einer Veranstaltung im Rahmenprogramm des &#8218;Zugs der Erinnerung&#8216; behandelt:<\/p>\n<p>Zitat von <a href=\"http:\/\/www.faustev.de\/faust\/index.php?article_id=2697&amp;clang=0\">faustev.de<\/a>:<\/p>\n<blockquote><p>Vor 70 Jahren begann mit dem Angriff auf Polen der Zweite Weltkrieg. Wesentlichen Anteil am Erfolg dieses ersten \u201cBlitzkrieges\u201d hatte die deutsche Luftwaffe, die ihr Handwerk unter Kriegsbedingungen w\u00e4hrend des Spanischen B\u00fcrgerkrieges perfektioniert hatte. Auch Bomberbesatzungen des Kampfgeschwaders Boelcke aus der Region Hannover, von den Fliegerhorsten Wunstorf und <strong>Langenhagen<\/strong>, hatten als Bestandteil der Legion Condor Luftangriffe gegen republikanische St\u00e4dte auf der iberischen Halbinsel geflogen, darunter den auf die baskische Ortschaft Guernica.<\/p>\n<p>Am 1. September 1939 starteten die Flieger zum Angriff auf Ziele in Polen. Anders als bis heute vor allem in der regionalen Geschichtsschreibung behauptet, wurden neben milit\u00e4rischen Zielen auch Wohnviertel bombardiert. Doch nicht nur das: Am 13. September 1939 flogen deutsche Bombereinheiten einen Angriff gegen das gro\u00dfe j\u00fcdische Viertel in Warschau. Die Besatzungen orientierten sich an Luftbildern, auf denen die j\u00fcdischen Wohngebiete besonders markiert waren. Nach dem Abwurf von rund 7.000 Brandbomben und eigens pr\u00e4parierten Brandtanks standen ganze Stra\u00dfenz\u00fcge des j\u00fcdischen Viertels in Flammen und waren tagelang nicht zu l\u00f6schen. Der Luftangriff auf das j\u00fcdische Viertel in Warschau war kein Einzelfall. Und auch das Kampfgeschwader 27 Boelcke war an weiteren solchen Angriffen beteiligt.<\/p>\n<p>Der Historiker Hubert Brieden stellt die aktuellen Forschungen des Arbeitskreises Regionalgeschichte zu einem bis heute verschwiegenen Kapitel der deutschen Milit\u00e4rgeschichte dar: der Beteiligung der deutschen Luftwaffe am Vernichtungskrieg gegen die polnischen Juden. <\/p>\n<p>Eine Veranstaltung der Geschichtswerkstatt Hannover im Rahmen des Begleitprogrammes zur Initiative Zug der Erinnerung. In Kooperation mit dem Arbeitskreis Regionalgeschichte, der Rosa Luxemburg-Stiftung und dem Ver.di-Bildungswerk.<\/p><\/blockquote>\n<p><a href=\"http:\/\/www.ak-regionalgeschichte.de\">ak-regionalgeschichte.de<\/a><\/p>\n<p><em>Die Veranstaltung ist am Mittwoch den 18.11.2009 um 19 Uhr im Kulturzentrum Faust &#8211; Caf\u00e9 Siesta.<\/em><\/p>\n","protected":false},"excerpt":{"rendered":"<p>W\u00e4hrend der Zeit des Nationalsozialismus waren auf dem heutigen Gel\u00e4nde des Flughafen Hannover-Langenhagen Teile des Kampfgeschwaders 27 der Luftwaffe stationiert. Eine Facette der damit in Verbindung stehenden Geschichte wird auf einer Veranstaltung im Rahmenprogramm des &#8218;Zugs der Erinnerung&#8216; behandelt: Zitat von faustev.de: Vor 70 Jahren begann mit dem Angriff auf Polen der Zweite Weltkrieg. Wesentlichen &hellip; <\/p>\n<p class=\"link-more\"><a href=\"https:\/\/langenhagengegenrechts.de\/index.php\/2009\/10\/23\/besonders-stark-brennt-das-judenviertel\/\" class=\"more-link\"><span class=\"screen-reader-text\">\u201e&#8222;Besonders stark brennt das Judenviertel\u2026&#8220;\u201c <\/span>weiterlesen<\/a><\/p>\n","protected":false},"author":1,"featured_media":0,"comment_status":"closed","ping_status":"closed","sticky":false,"template":"","format":"standard","meta":{"footnotes":""},"categories":[2,3],"tags":[],"class_list":["post-136","post","type-post","status-publish","format-standard","hentry","category-aktion","category-aufklarung"],"_links":{"self":[{"href":"https:\/\/langenhagengegenrechts.de\/index.php\/wp-json\/wp\/v2\/posts\/136","targetHints":{"allow":["GET"]}}],"collection":[{"href":"https:\/\/langenhagengegenrechts.de\/index.php\/wp-json\/wp\/v2\/posts"}],"about":[{"href":"https:\/\/langenhagengegenrechts.de\/index.php\/wp-json\/wp\/v2\/types\/post"}],"author":[{"embeddable":true,"href":"https:\/\/langenhagengegenrechts.de\/index.php\/wp-json\/wp\/v2\/users\/1"}],"replies":[{"embeddable":true,"href":"https:\/\/langenhagengegenrechts.de\/index.php\/wp-json\/wp\/v2\/comments?post=136"}],"version-history":[{"count":0,"href":"https:\/\/langenhagengegenrechts.de\/index.php\/wp-json\/wp\/v2\/posts\/136\/revisions"}],"wp:attachment":[{"href":"https:\/\/langenhagengegenrechts.de\/index.php\/wp-json\/wp\/v2\/media?parent=136"}],"wp:term":[{"taxonomy":"category","embeddable":true,"href":"https:\/\/langenhagengegenrechts.de\/index.php\/wp-json\/wp\/v2\/categories?post=136"},{"taxonomy":"post_tag","embeddable":true,"href":"https:\/\/langenhagengegenrechts.de\/index.php\/wp-json\/wp\/v2\/tags?post=136"}],"curies":[{"name":"wp","href":"https:\/\/api.w.org\/{rel}","templated":true}]}}