{"id":204,"date":"2011-05-30T23:40:54","date_gmt":"2011-05-30T21:40:54","guid":{"rendered":"http:\/\/lghg.wordpress.com\/?p=204"},"modified":"2011-05-30T23:40:54","modified_gmt":"2011-05-30T21:40:54","slug":"veroffentlichung-zum-frauen-kz-in-hannover-limmer","status":"publish","type":"post","link":"https:\/\/langenhagengegenrechts.de\/index.php\/2011\/05\/30\/veroffentlichung-zum-frauen-kz-in-hannover-limmer\/","title":{"rendered":"Ver\u00f6ffentlichung zum Frauen-KZ in Hannover-Limmer"},"content":{"rendered":"<p>Wir warten gespannt auf die Ver\u00f6ffentlichung der Brosch\u00fcre mit dem Titel &#8222;Einen Ort der Erinnerung schaffen \u2013 KZ und Zwangsarbeit in Hannover-Limmer 1944\/45&#8220; vom <a href=\"http:\/\/www.kz-limmer.de\/\">Arbeitskreis &#8222;Ein Mahnmal f\u00fcr das Frauen-KZ in Limmer&#8220;<\/a>.<\/p>\n<p>Zitat von <a href=\"http:\/\/www.kz-limmer.de\">kz-limmer.de<\/a>:<\/p>\n<blockquote><p><img loading=\"lazy\" decoding=\"async\" class=\"alignright\" title=\"Brosch\u00fcre KZ-Limmer\" src=\"https:\/\/langenhagengegenrechts.de\/wp-content\/uploads\/2011\/05\/kz_limmer_brosch_2011_titel_web.jpg?w=214\" alt=\"Einen Ort der Erinnerung schaffen \u2013 KZ und Zwangsarbeit in Hannover-Limmer 1944\/45\" width=\"214\" height=\"300\" \/>In der Endredaktion befindet sich derzeit eine ausf\u00fchrliche Ver\u00f6ffentlichung des Arbeitskreises \u00bbEin Mahnmal f\u00fcr das Frauen-KZ in Limmer\u00ab. Die Brosch\u00fcre \u00bbEinen Ort der Erinnerung schaffen \u2013 KZ und Zwangsarbeit in Hannover-Limmer 1944\/45\u00ab wird rund 48 Seiten im DIN-A5-Format umfassen. Wir m\u00f6chten damit den Einwohnerinnen und Einwohnern von Limmer, sowie der interessierten \u00d6ffentlichkeit \u00fcber den Stadtteil hinaus vorstellen, was wir seit April 2008 erarbeitet haben.<\/p>\n<p>Da wir vorwiegend in vier Arbeitsgruppen \u2013 AG Zwangsarbeit\/Conti, AG Zeitzeugen, AG Gestaltung und AG \u00d6ffentlichkeitsarbeit \u2013 arbeiten, haben wir die Darstellung und die Ergebnisse unserer bisherigen Aktivit\u00e4ten entsprechend gegliedert. Nach einer kurzen Einleitung zur Geschichte des Conti-Werkes in Limmer stellen wir unsere Rechercheergebnisse bez\u00fcglich des KZs Limmer und der Zwangsarbeit im Stadtteil sowie der bisherigen Erinnerungskultur in Limmer vor, berichten von Gespr\u00e4chen mit alten Limmeranern\/-innen \u00fcber deren Erinnerungen an die Zeit der nationalsozialistischen Herrschaft, erl\u00e4utern den Stand der Dinge bez\u00fcglich der Planungen f\u00fcr ein m\u00f6gliches Mahnmal auf dem ehemaligen KZ-Gel\u00e4nde und informieren \u00fcber die \u00d6ffentlichkeitsarbeit unseres Arbeitskreises.<\/p>\n<p>Erstmals erh\u00e4ltlich sein wird die Brosch\u00fcre an unserem Infostand auf dem Gemeindefest der ev.-luth. Kirchengemeinde St. Nikolai in der Sackmannstra\u00dfe in Hannover-Limmer am Sonntag, 19. Juni 2011 von 12:00 bis 18:00 Uhr.<\/p><\/blockquote>\n","protected":false},"excerpt":{"rendered":"<p>Wir warten gespannt auf die Ver\u00f6ffentlichung der Brosch\u00fcre mit dem Titel &#8222;Einen Ort der Erinnerung schaffen \u2013 KZ und Zwangsarbeit in Hannover-Limmer 1944\/45&#8220; vom Arbeitskreis &#8222;Ein Mahnmal f\u00fcr das Frauen-KZ in Limmer&#8220;. Zitat von kz-limmer.de: In der Endredaktion befindet sich derzeit eine ausf\u00fchrliche Ver\u00f6ffentlichung des Arbeitskreises \u00bbEin Mahnmal f\u00fcr das Frauen-KZ in Limmer\u00ab. Die Brosch\u00fcre &hellip; <\/p>\n<p class=\"link-more\"><a href=\"https:\/\/langenhagengegenrechts.de\/index.php\/2011\/05\/30\/veroffentlichung-zum-frauen-kz-in-hannover-limmer\/\" class=\"more-link\"><span class=\"screen-reader-text\">\u201eVer\u00f6ffentlichung zum Frauen-KZ in Hannover-Limmer\u201c <\/span>weiterlesen<\/a><\/p>\n","protected":false},"author":1,"featured_media":0,"comment_status":"closed","ping_status":"open","sticky":false,"template":"","format":"standard","meta":{"footnotes":""},"categories":[8],"tags":[],"class_list":["post-204","post","type-post","status-publish","format-standard","hentry","category-pressemitteilungen"],"_links":{"self":[{"href":"https:\/\/langenhagengegenrechts.de\/index.php\/wp-json\/wp\/v2\/posts\/204","targetHints":{"allow":["GET"]}}],"collection":[{"href":"https:\/\/langenhagengegenrechts.de\/index.php\/wp-json\/wp\/v2\/posts"}],"about":[{"href":"https:\/\/langenhagengegenrechts.de\/index.php\/wp-json\/wp\/v2\/types\/post"}],"author":[{"embeddable":true,"href":"https:\/\/langenhagengegenrechts.de\/index.php\/wp-json\/wp\/v2\/users\/1"}],"replies":[{"embeddable":true,"href":"https:\/\/langenhagengegenrechts.de\/index.php\/wp-json\/wp\/v2\/comments?post=204"}],"version-history":[{"count":0,"href":"https:\/\/langenhagengegenrechts.de\/index.php\/wp-json\/wp\/v2\/posts\/204\/revisions"}],"wp:attachment":[{"href":"https:\/\/langenhagengegenrechts.de\/index.php\/wp-json\/wp\/v2\/media?parent=204"}],"wp:term":[{"taxonomy":"category","embeddable":true,"href":"https:\/\/langenhagengegenrechts.de\/index.php\/wp-json\/wp\/v2\/categories?post=204"},{"taxonomy":"post_tag","embeddable":true,"href":"https:\/\/langenhagengegenrechts.de\/index.php\/wp-json\/wp\/v2\/tags?post=204"}],"curies":[{"name":"wp","href":"https:\/\/api.w.org\/{rel}","templated":true}]}}