{"id":212,"date":"2011-06-04T23:33:06","date_gmt":"2011-06-04T21:33:06","guid":{"rendered":"http:\/\/lghg.wordpress.com\/?p=212"},"modified":"2011-06-04T23:33:06","modified_gmt":"2011-06-04T21:33:06","slug":"film-geister-der-vergangenheit-zwangsarbeit-im-nationalsozialismus-in-hannover","status":"publish","type":"post","link":"https:\/\/langenhagengegenrechts.de\/index.php\/2011\/06\/04\/film-geister-der-vergangenheit-zwangsarbeit-im-nationalsozialismus-in-hannover\/","title":{"rendered":"Film: Geister der Vergangenheit &#8211; Zwangsarbeit im Nationalsozialismus in Hannover"},"content":{"rendered":"<p>Das <a href=\"http:\/\/www.medienhaus-hannover.de\/\">Medienhaus Hannover<\/a> und das <a href=\"http:\/\/kino-im-sprengel.de\">Kino im Sprengel<\/a> veranstalten vom 15. bis zum 18. Juni 2011 das Filmfestival <em>SELBSTGEDREHTE<\/em>. Eine Veranstaltung ist dabei aus unserer Sicht besonders interessant:<\/p>\n<p><strong>Geister der Vergangenheit &#8211; Zwangsarbeit im Nationalsozialismus in Hannover<\/strong><br \/>\nDokumentarfilm von Franziska Wenzel und S\u00f6ren K\u00f6pke<br \/>\nDonnerstag 16.06.2011, 20:30 Uhr &#8211; Kino im Sprengel<br \/>\nDer Eintritt ist frei!<\/p>\n<p>Zitat von <a href=\"http:\/\/www.kino-im-sprengel.de\">kino-im-sprengel.de<\/a>:<\/p>\n<blockquote><p>Auf Hannovers Bahnhofsvorplatz stehen seltsame transparente Gestalten, ausgemergelt, notd\u00fcrftig bekleidet und scheinbar aus einer anderen Zeit. Von den vorbeieilenden Passanten werden sie offenbar nicht bemerkt oder bewusst ignoriert. Wie geht eine Stadt mit ihrer Geschichte um?<br \/>\nWie in jeder anderen deutschen Gro\u00dfstadt profitierte auch in Hannover die Industrie zur Zeit des Nationalsozialismus von Zwangsarbeitern. Zun\u00e4chst wurden Menschen aus Osteuropa zwangsrekrutiert, dann kamen Kriegsgefangene hinzu, sp\u00e4ter auch KZ-H\u00e4ftlinge. Unter menschenunw\u00fcrdigen Bedingungen arbeiteten diese Menschen f\u00fcr Continental, Varta, Hanomag oder Bahlsen. Viele starben aufgrund der katastrophalen hygienischen Verh\u00e4ltnisse. Alleine die Conti betrieb in Hannover drei eigene Konzentrationslager als Au\u00dfenstellen des KZs Neuengamme. Bis heute verweigert die Firma Einblicke in ihre Unterlagen aus der NS-Zeit.<br \/>\nNachdem dieses unbequeme Kapitel der j\u00fcngeren Stadtgeschichte jahrelang verdr\u00e4ngt wurde, begannen in den Siebziger und Achtziger Jahren B\u00fcrger in Eigeninitiative, das Thema aufzuarbeiten. Geschichtswerkst\u00e4tten entstanden, Gedenkst\u00e4tten wurden errichtet, Kontakte zu ehemaligen Opfern wurden hergestellt. Im Film kommen Zeitzeugen und Historiker zu Wort. Sie widerlegen ebenso einm\u00fcndig wie \u00fcberzeugend die Behauptung, die Bev\u00f6lkerung habe von der Existenz von KZs nichts gewusst.<\/p><\/blockquote>\n","protected":false},"excerpt":{"rendered":"<p>Das Medienhaus Hannover und das Kino im Sprengel veranstalten vom 15. bis zum 18. Juni 2011 das Filmfestival SELBSTGEDREHTE. Eine Veranstaltung ist dabei aus unserer Sicht besonders interessant: Geister der Vergangenheit &#8211; Zwangsarbeit im Nationalsozialismus in Hannover Dokumentarfilm von Franziska Wenzel und S\u00f6ren K\u00f6pke Donnerstag 16.06.2011, 20:30 Uhr &#8211; Kino im Sprengel Der Eintritt ist &hellip; <\/p>\n<p class=\"link-more\"><a href=\"https:\/\/langenhagengegenrechts.de\/index.php\/2011\/06\/04\/film-geister-der-vergangenheit-zwangsarbeit-im-nationalsozialismus-in-hannover\/\" class=\"more-link\"><span class=\"screen-reader-text\">\u201eFilm: Geister der Vergangenheit &#8211; Zwangsarbeit im Nationalsozialismus in Hannover\u201c <\/span>weiterlesen<\/a><\/p>\n","protected":false},"author":1,"featured_media":0,"comment_status":"closed","ping_status":"open","sticky":false,"template":"","format":"standard","meta":{"footnotes":""},"categories":[3],"tags":[],"class_list":["post-212","post","type-post","status-publish","format-standard","hentry","category-aufklarung"],"_links":{"self":[{"href":"https:\/\/langenhagengegenrechts.de\/index.php\/wp-json\/wp\/v2\/posts\/212","targetHints":{"allow":["GET"]}}],"collection":[{"href":"https:\/\/langenhagengegenrechts.de\/index.php\/wp-json\/wp\/v2\/posts"}],"about":[{"href":"https:\/\/langenhagengegenrechts.de\/index.php\/wp-json\/wp\/v2\/types\/post"}],"author":[{"embeddable":true,"href":"https:\/\/langenhagengegenrechts.de\/index.php\/wp-json\/wp\/v2\/users\/1"}],"replies":[{"embeddable":true,"href":"https:\/\/langenhagengegenrechts.de\/index.php\/wp-json\/wp\/v2\/comments?post=212"}],"version-history":[{"count":0,"href":"https:\/\/langenhagengegenrechts.de\/index.php\/wp-json\/wp\/v2\/posts\/212\/revisions"}],"wp:attachment":[{"href":"https:\/\/langenhagengegenrechts.de\/index.php\/wp-json\/wp\/v2\/media?parent=212"}],"wp:term":[{"taxonomy":"category","embeddable":true,"href":"https:\/\/langenhagengegenrechts.de\/index.php\/wp-json\/wp\/v2\/categories?post=212"},{"taxonomy":"post_tag","embeddable":true,"href":"https:\/\/langenhagengegenrechts.de\/index.php\/wp-json\/wp\/v2\/tags?post=212"}],"curies":[{"name":"wp","href":"https:\/\/api.w.org\/{rel}","templated":true}]}}