{"id":249,"date":"2012-07-20T22:48:04","date_gmt":"2012-07-20T20:48:04","guid":{"rendered":"http:\/\/lghg.wordpress.com\/?p=249"},"modified":"2012-07-20T22:48:04","modified_gmt":"2012-07-20T20:48:04","slug":"radio-flora-berichtet-uber-den-arbeitskreis-ein-mahnmal-fur-das-frauen-kz-in-limmer","status":"publish","type":"post","link":"https:\/\/langenhagengegenrechts.de\/index.php\/2012\/07\/20\/radio-flora-berichtet-uber-den-arbeitskreis-ein-mahnmal-fur-das-frauen-kz-in-limmer\/","title":{"rendered":"radio flora berichtet \u00fcber den Arbeitskreis &#8222;Ein Mahnmal f\u00fcr das Frauen-KZ in Limmer&#8220;"},"content":{"rendered":"<p>In der <em>Internationalen Frauensendung<\/em> am Dienstag auf <a href=\"http:\/\/www.radioflora.de\" title=\"radio flora - Hannovers web-radio\">radio flora<\/a> wurde ausf\u00fchrlich \u00fcber den Arbeitskreis &#8222;Ein Mahnmal f\u00fcr das Frauen-KZ in Limmer&#8220; berichtet. Die sehr h\u00f6renswerte Sendung gibt es auf der <a href=\"http:\/\/www.radioflora.de\/contao\/index.php\/Beitrag\/items\/Brunhild_M%C3%BCller_Rei%C3%9F_und_Mechthild_Dortmund.html\">Webseite des Senders zum herunterladen<\/a>.<\/p>\n","protected":false},"excerpt":{"rendered":"<p>In der Internationalen Frauensendung am Dienstag auf radio flora wurde ausf\u00fchrlich \u00fcber den Arbeitskreis &#8222;Ein Mahnmal f\u00fcr das Frauen-KZ in Limmer&#8220; berichtet. Die sehr h\u00f6renswerte Sendung gibt es auf der Webseite des Senders zum herunterladen.<\/p>\n","protected":false},"author":1,"featured_media":0,"comment_status":"closed","ping_status":"open","sticky":false,"template":"","format":"standard","meta":{"footnotes":""},"categories":[3,6],"tags":[],"class_list":["post-249","post","type-post","status-publish","format-standard","hentry","category-aufklarung","category-gedenken"],"_links":{"self":[{"href":"https:\/\/langenhagengegenrechts.de\/index.php\/wp-json\/wp\/v2\/posts\/249","targetHints":{"allow":["GET"]}}],"collection":[{"href":"https:\/\/langenhagengegenrechts.de\/index.php\/wp-json\/wp\/v2\/posts"}],"about":[{"href":"https:\/\/langenhagengegenrechts.de\/index.php\/wp-json\/wp\/v2\/types\/post"}],"author":[{"embeddable":true,"href":"https:\/\/langenhagengegenrechts.de\/index.php\/wp-json\/wp\/v2\/users\/1"}],"replies":[{"embeddable":true,"href":"https:\/\/langenhagengegenrechts.de\/index.php\/wp-json\/wp\/v2\/comments?post=249"}],"version-history":[{"count":0,"href":"https:\/\/langenhagengegenrechts.de\/index.php\/wp-json\/wp\/v2\/posts\/249\/revisions"}],"wp:attachment":[{"href":"https:\/\/langenhagengegenrechts.de\/index.php\/wp-json\/wp\/v2\/media?parent=249"}],"wp:term":[{"taxonomy":"category","embeddable":true,"href":"https:\/\/langenhagengegenrechts.de\/index.php\/wp-json\/wp\/v2\/categories?post=249"},{"taxonomy":"post_tag","embeddable":true,"href":"https:\/\/langenhagengegenrechts.de\/index.php\/wp-json\/wp\/v2\/tags?post=249"}],"curies":[{"name":"wp","href":"https:\/\/api.w.org\/{rel}","templated":true}]}}