{"id":255,"date":"2012-07-20T23:32:29","date_gmt":"2012-07-20T21:32:29","guid":{"rendered":"http:\/\/lghg.wordpress.com\/?p=255"},"modified":"2012-07-20T23:32:29","modified_gmt":"2012-07-20T21:32:29","slug":"radtour-gegen-das-vergessen","status":"publish","type":"post","link":"https:\/\/langenhagengegenrechts.de\/index.php\/2012\/07\/20\/radtour-gegen-das-vergessen\/","title":{"rendered":"Radtour &#8222;Gegen das Vergessen&#8220;"},"content":{"rendered":"<p>In diesem September f\u00fchrt die Ortsgruppe Hannover des ADFC in Kooperation mit dem Verein Gegen das Vergessen \/ NS-Zwangsarbeit e.V. eine Radtour zu vier Gedenkorten in Hannover und Langenhagen durch. Gestartet wird vom Seelhorster Friedhof; nach einer Station am Ehrenfriedhof am Maschsee-Nordufer soll es weiter zum Mahnmal beim Frauen-KZ Langenhagen gehen. Ziel der Tour ist schlie\u00dflich der Gedenkstein zum Ausl\u00e4nderw\u00f6chnerinnenlager Schulenburger M\u00fchle in Langenhagen Godshorn.<\/p>\n<p>Weitere Informationen zu der Tour gibt es auf <a href=\"http:\/\/h12.adfc-hannover.de\/radtour-gegen-das-vergessen\/\">der Webseite vom ADFC Hannover<\/a> sowie in der zweiten Ausgabe 2012 der Hannorad.<\/p>\n<p><strong>Nachtrag \/ Fotos von der Radtour:<\/strong><\/p>\n<p><img loading=\"lazy\" decoding=\"async\" src=\"https:\/\/langenhagengegenrechts.de\/wp-content\/uploads\/2012\/12\/2012-09-09-gedenkstaetten-tour-0-maschsee.jpg?w=500\" alt=\"2012-09-09 Gedenkstaetten-Tour 0 Maschsee\" width=\"500\" height=\"333\" class=\"alignnone size-large wp-image-281\" srcset=\"https:\/\/langenhagengegenrechts.de\/wp-content\/uploads\/2012\/12\/2012-09-09-gedenkstaetten-tour-0-maschsee.jpg 900w, https:\/\/langenhagengegenrechts.de\/wp-content\/uploads\/2012\/12\/2012-09-09-gedenkstaetten-tour-0-maschsee-300x200.jpg 300w, https:\/\/langenhagengegenrechts.de\/wp-content\/uploads\/2012\/12\/2012-09-09-gedenkstaetten-tour-0-maschsee-768x512.jpg 768w\" sizes=\"auto, (max-width: 500px) 100vw, 500px\" \/><\/p>\n<p><img loading=\"lazy\" decoding=\"async\" src=\"https:\/\/langenhagengegenrechts.de\/wp-content\/uploads\/2012\/12\/2012-09-09-gedenkstaetten-tour-1-unterwegs.jpg?w=500\" alt=\"2012-09-09 Gedenkstaetten-Tour 1 unterwegs\" width=\"500\" height=\"333\" class=\"alignnone size-large wp-image-282\" srcset=\"https:\/\/langenhagengegenrechts.de\/wp-content\/uploads\/2012\/12\/2012-09-09-gedenkstaetten-tour-1-unterwegs.jpg 900w, https:\/\/langenhagengegenrechts.de\/wp-content\/uploads\/2012\/12\/2012-09-09-gedenkstaetten-tour-1-unterwegs-300x200.jpg 300w, https:\/\/langenhagengegenrechts.de\/wp-content\/uploads\/2012\/12\/2012-09-09-gedenkstaetten-tour-1-unterwegs-768x512.jpg 768w\" sizes=\"auto, (max-width: 500px) 100vw, 500px\" \/><\/p>\n<p><img loading=\"lazy\" decoding=\"async\" src=\"https:\/\/langenhagengegenrechts.de\/wp-content\/uploads\/2012\/12\/2012-09-09-gedenkstaetten-tour-2-station-kz-langenhagen.jpg?w=500\" alt=\"2012-09-09 Gedenkstaetten-Tour 2 Station KZ-Langenhagen\" width=\"500\" height=\"333\" class=\"alignnone size-large wp-image-283\" srcset=\"https:\/\/langenhagengegenrechts.de\/wp-content\/uploads\/2012\/12\/2012-09-09-gedenkstaetten-tour-2-station-kz-langenhagen.jpg 900w, https:\/\/langenhagengegenrechts.de\/wp-content\/uploads\/2012\/12\/2012-09-09-gedenkstaetten-tour-2-station-kz-langenhagen-300x200.jpg 300w, https:\/\/langenhagengegenrechts.de\/wp-content\/uploads\/2012\/12\/2012-09-09-gedenkstaetten-tour-2-station-kz-langenhagen-768x512.jpg 768w\" sizes=\"auto, (max-width: 500px) 100vw, 500px\" \/><\/p>\n<p><img loading=\"lazy\" decoding=\"async\" src=\"https:\/\/langenhagengegenrechts.de\/wp-content\/uploads\/2012\/12\/2012-09-09-gedenkstaetten-tour-4-godshorn.jpg?w=500\" alt=\"2012-09-09 Gedenkstaetten-Tour 4 Godshorn\" width=\"500\" height=\"333\" class=\"alignnone size-large wp-image-284\" srcset=\"https:\/\/langenhagengegenrechts.de\/wp-content\/uploads\/2012\/12\/2012-09-09-gedenkstaetten-tour-4-godshorn.jpg 900w, https:\/\/langenhagengegenrechts.de\/wp-content\/uploads\/2012\/12\/2012-09-09-gedenkstaetten-tour-4-godshorn-300x200.jpg 300w, https:\/\/langenhagengegenrechts.de\/wp-content\/uploads\/2012\/12\/2012-09-09-gedenkstaetten-tour-4-godshorn-768x512.jpg 768w\" sizes=\"auto, (max-width: 500px) 100vw, 500px\" \/><\/p>\n","protected":false},"excerpt":{"rendered":"<p>In diesem September f\u00fchrt die Ortsgruppe Hannover des ADFC in Kooperation mit dem Verein Gegen das Vergessen \/ NS-Zwangsarbeit e.V. eine Radtour zu vier Gedenkorten in Hannover und Langenhagen durch. Gestartet wird vom Seelhorster Friedhof; nach einer Station am Ehrenfriedhof am Maschsee-Nordufer soll es weiter zum Mahnmal beim Frauen-KZ Langenhagen gehen. Ziel der Tour ist &hellip; <\/p>\n<p class=\"link-more\"><a href=\"https:\/\/langenhagengegenrechts.de\/index.php\/2012\/07\/20\/radtour-gegen-das-vergessen\/\" class=\"more-link\"><span class=\"screen-reader-text\">\u201eRadtour &#8222;Gegen das Vergessen&#8220;\u201c <\/span>weiterlesen<\/a><\/p>\n","protected":false},"author":1,"featured_media":283,"comment_status":"closed","ping_status":"open","sticky":false,"template":"","format":"standard","meta":{"footnotes":""},"categories":[2,4,6],"tags":[],"class_list":["post-255","post","type-post","status-publish","format-standard","has-post-thumbnail","hentry","category-aktion","category-aufruf","category-gedenken"],"_links":{"self":[{"href":"https:\/\/langenhagengegenrechts.de\/index.php\/wp-json\/wp\/v2\/posts\/255","targetHints":{"allow":["GET"]}}],"collection":[{"href":"https:\/\/langenhagengegenrechts.de\/index.php\/wp-json\/wp\/v2\/posts"}],"about":[{"href":"https:\/\/langenhagengegenrechts.de\/index.php\/wp-json\/wp\/v2\/types\/post"}],"author":[{"embeddable":true,"href":"https:\/\/langenhagengegenrechts.de\/index.php\/wp-json\/wp\/v2\/users\/1"}],"replies":[{"embeddable":true,"href":"https:\/\/langenhagengegenrechts.de\/index.php\/wp-json\/wp\/v2\/comments?post=255"}],"version-history":[{"count":0,"href":"https:\/\/langenhagengegenrechts.de\/index.php\/wp-json\/wp\/v2\/posts\/255\/revisions"}],"wp:featuredmedia":[{"embeddable":true,"href":"https:\/\/langenhagengegenrechts.de\/index.php\/wp-json\/wp\/v2\/media\/283"}],"wp:attachment":[{"href":"https:\/\/langenhagengegenrechts.de\/index.php\/wp-json\/wp\/v2\/media?parent=255"}],"wp:term":[{"taxonomy":"category","embeddable":true,"href":"https:\/\/langenhagengegenrechts.de\/index.php\/wp-json\/wp\/v2\/categories?post=255"},{"taxonomy":"post_tag","embeddable":true,"href":"https:\/\/langenhagengegenrechts.de\/index.php\/wp-json\/wp\/v2\/tags?post=255"}],"curies":[{"name":"wp","href":"https:\/\/api.w.org\/{rel}","templated":true}]}}