{"id":258,"date":"2012-12-29T14:01:05","date_gmt":"2012-12-29T12:01:05","guid":{"rendered":"http:\/\/lghg.wordpress.com\/?p=258"},"modified":"2012-12-29T14:01:05","modified_gmt":"2012-12-29T12:01:05","slug":"mahnmal-psychiatrie-langenhagen","status":"publish","type":"post","link":"https:\/\/langenhagengegenrechts.de\/index.php\/2012\/12\/29\/mahnmal-psychiatrie-langenhagen\/","title":{"rendered":"Mahnmal Psychiatrie Langenhagen"},"content":{"rendered":"<p>Ende November wurde auf dem Gel\u00e4nde der Psychiatrie Langenhagen ein neues Mahnmal von Hans-J\u00fcrgen und Almut Breuste Enth\u00fcllt. Das Objekt mit dem Namen &#8222;Anhalten alle Uhren&#8220; ist den Menschen gewidmet, die w\u00e4hrend der NS-Zeit Opfer der Psychiatrie wurden. <\/p>\n<p>Die Nervenklinik Langenhagen war ab 1940 an den sogenannten Euthanasiemorden zur Erfassung und Vernichtung psychisch kranker und behinderter Menschen beteiligt. Auch wurden hier Sterilisationen nach dem &#8222;Gesetz zur Verh\u00fctung erbkranken Nachwuchses&#8220; und Deportationen von Sinti und Roma vorgenommen.<\/p>\n<p>Auf der Webseite der Psychiatrie ist ein Artikel zum Thema <a href=\"http:\/\/www.krh.eu\/klinikum\/PSL\/ueberuns\/geschichte\/Seiten\/3.reich.aspx\">Die &#8222;Nervenklinik Langenhagen&#8220; im III. Reich<\/a> abrufbar. Ebenso ist eine<a href=\"http:\/\/www.krh.eu\/unternehmen\/presse\/aktuell\/Seiten\/Denkmal_NS-Opfer.aspx\"> Pressemitteilung zur Enth\u00fcllung verf\u00fcgbar<\/a>.<\/p>\n<p>In der neunten Ausgabe der <a href=\"http:\/\/www.hannover.de\/Kultur-Freizeit\/Architektur-Geschichte\/Erinnerungskultur\/Gedenkst%C3%A4tte-Ahlem\/Gedenkst%C3%A4tte-Ahlem\/Ver%C3%B6ffentlichungen-der-Gedenkst%C3%A4tte-Ahlem\/Schriftenreihe-mit-Zeitzeugenberichten-von-%C3%9Cberlebenden-des-Holocaust\">Schriftenreihe der Gedenkst\u00e4tte Ahlem<\/a> \u00e4u\u00dfert sich der Autor <a href=\"http:\/\/www.rreiter.de\/\">Raimond Reiter<\/a> treffend zum Thema &#8222;Gedenken an die Opfer der NS-Psychiatrie:<\/p>\n<blockquote><p>&#8222;Auf dem Gel\u00e4nde eines psychiatrischen Krankenhauses mit NS-Verbrechen in der eigenen Historie ist der Besucher einer Gedenkst\u00e4tte immer potentiell mit der Vorstellung konfrontiert: Hier haben nicht nur die damaligen Opfer gelebt, sondern ein Teil der jetzigen Patienten w\u00e4re damals Opfer geworden. [&#8230;] Die Geschichte wird zur Hintergrundfolie einer potentiellen Gegenwartsbetrachtung mit allen sich daraus ergebenden Dimensionen m\u00f6glicher \u00c4ngste, Vorurteile und moralischen Imperativen: So etwas darf niemals wieder geschehen.&#8220;<\/p>\n<p>Zitat aus Seite 27\/28:<br \/>\nRaimond Reiter; Stefanie Burmeister: &#8220;Das Schicksal der Irmgard Bartels : Opfer der NS-Psychiatrie in der Region Hannover : Erinnerungen von Frau D. an ihre Mutter : die Interviews mit Frau D. fanden 2010 statt&#8220; Hannover : Region Hannover, 2011., <a href=\"http:\/\/de.wikipedia.org\/w\/index.php?title=Spezial%3AISBN-Suche&amp;isbn=978-3-9814212-1-7\">ISBN 9783981421217<\/a><\/p><\/blockquote>\n<p><a href=\"https:\/\/langenhagengegenrechts.de\/wp-content\/uploads\/2012\/12\/anhalten-alle-uhren-01.jpg\"><img loading=\"lazy\" decoding=\"async\" src=\"https:\/\/langenhagengegenrechts.de\/wp-content\/uploads\/2012\/12\/anhalten-alle-uhren-01.jpg\" alt=\"Anhalten alle Uhren\" width=\"500\" height=\"333\" class=\"alignnone size-full wp-image-265\" srcset=\"https:\/\/langenhagengegenrechts.de\/wp-content\/uploads\/2012\/12\/anhalten-alle-uhren-01.jpg 900w, https:\/\/langenhagengegenrechts.de\/wp-content\/uploads\/2012\/12\/anhalten-alle-uhren-01-300x200.jpg 300w, https:\/\/langenhagengegenrechts.de\/wp-content\/uploads\/2012\/12\/anhalten-alle-uhren-01-768x512.jpg 768w\" sizes=\"auto, (max-width: 500px) 100vw, 500px\" \/><\/a><\/p>\n<p><a href=\"https:\/\/langenhagengegenrechts.de\/wp-content\/uploads\/2012\/12\/anhalten-alle-uhren-11.jpg\"><img loading=\"lazy\" decoding=\"async\" src=\"https:\/\/langenhagengegenrechts.de\/wp-content\/uploads\/2012\/12\/anhalten-alle-uhren-11.jpg\" alt=\"Anhalten alle Uhren\" width=\"500\" height=\"333\" class=\"alignnone size-full wp-image-266\" srcset=\"https:\/\/langenhagengegenrechts.de\/wp-content\/uploads\/2012\/12\/anhalten-alle-uhren-11.jpg 900w, https:\/\/langenhagengegenrechts.de\/wp-content\/uploads\/2012\/12\/anhalten-alle-uhren-11-300x200.jpg 300w, https:\/\/langenhagengegenrechts.de\/wp-content\/uploads\/2012\/12\/anhalten-alle-uhren-11-768x512.jpg 768w\" sizes=\"auto, (max-width: 500px) 100vw, 500px\" \/><\/a><\/p>\n<p><a href=\"https:\/\/langenhagengegenrechts.de\/wp-content\/uploads\/2012\/12\/anhalten-alle-uhren-21.jpg\"><img loading=\"lazy\" decoding=\"async\" src=\"https:\/\/langenhagengegenrechts.de\/wp-content\/uploads\/2012\/12\/anhalten-alle-uhren-21.jpg\" alt=\"Anhalten alle Uhren Tafel\" width=\"500\" height=\"333\" class=\"alignnone size-full wp-image-267\" srcset=\"https:\/\/langenhagengegenrechts.de\/wp-content\/uploads\/2012\/12\/anhalten-alle-uhren-21.jpg 900w, https:\/\/langenhagengegenrechts.de\/wp-content\/uploads\/2012\/12\/anhalten-alle-uhren-21-300x200.jpg 300w, https:\/\/langenhagengegenrechts.de\/wp-content\/uploads\/2012\/12\/anhalten-alle-uhren-21-768x512.jpg 768w\" sizes=\"auto, (max-width: 500px) 100vw, 500px\" \/><\/a><\/p>\n<p><a href=\"https:\/\/langenhagengegenrechts.de\/wp-content\/uploads\/2012\/12\/anhalten-alle-uhren-31.jpg\"><img loading=\"lazy\" decoding=\"async\" src=\"https:\/\/langenhagengegenrechts.de\/wp-content\/uploads\/2012\/12\/anhalten-alle-uhren-31.jpg\" alt=\"Anhalten alle Uhren\" width=\"500\" height=\"333\" class=\"alignnone size-full wp-image-268\" srcset=\"https:\/\/langenhagengegenrechts.de\/wp-content\/uploads\/2012\/12\/anhalten-alle-uhren-31.jpg 900w, https:\/\/langenhagengegenrechts.de\/wp-content\/uploads\/2012\/12\/anhalten-alle-uhren-31-300x200.jpg 300w, https:\/\/langenhagengegenrechts.de\/wp-content\/uploads\/2012\/12\/anhalten-alle-uhren-31-768x512.jpg 768w\" sizes=\"auto, (max-width: 500px) 100vw, 500px\" \/><\/a><\/p>\n","protected":false},"excerpt":{"rendered":"<p>Ende November wurde auf dem Gel\u00e4nde der Psychiatrie Langenhagen ein neues Mahnmal von Hans-J\u00fcrgen und Almut Breuste Enth\u00fcllt. Das Objekt mit dem Namen &#8222;Anhalten alle Uhren&#8220; ist den Menschen gewidmet, die w\u00e4hrend der NS-Zeit Opfer der Psychiatrie wurden. Die Nervenklinik Langenhagen war ab 1940 an den sogenannten Euthanasiemorden zur Erfassung und Vernichtung psychisch kranker und &hellip; <\/p>\n<p class=\"link-more\"><a href=\"https:\/\/langenhagengegenrechts.de\/index.php\/2012\/12\/29\/mahnmal-psychiatrie-langenhagen\/\" class=\"more-link\"><span class=\"screen-reader-text\">\u201eMahnmal Psychiatrie Langenhagen\u201c <\/span>weiterlesen<\/a><\/p>\n","protected":false},"author":1,"featured_media":266,"comment_status":"closed","ping_status":"open","sticky":false,"template":"","format":"standard","meta":{"footnotes":""},"categories":[3,6],"tags":[],"class_list":["post-258","post","type-post","status-publish","format-standard","has-post-thumbnail","hentry","category-aufklarung","category-gedenken"],"_links":{"self":[{"href":"https:\/\/langenhagengegenrechts.de\/index.php\/wp-json\/wp\/v2\/posts\/258","targetHints":{"allow":["GET"]}}],"collection":[{"href":"https:\/\/langenhagengegenrechts.de\/index.php\/wp-json\/wp\/v2\/posts"}],"about":[{"href":"https:\/\/langenhagengegenrechts.de\/index.php\/wp-json\/wp\/v2\/types\/post"}],"author":[{"embeddable":true,"href":"https:\/\/langenhagengegenrechts.de\/index.php\/wp-json\/wp\/v2\/users\/1"}],"replies":[{"embeddable":true,"href":"https:\/\/langenhagengegenrechts.de\/index.php\/wp-json\/wp\/v2\/comments?post=258"}],"version-history":[{"count":0,"href":"https:\/\/langenhagengegenrechts.de\/index.php\/wp-json\/wp\/v2\/posts\/258\/revisions"}],"wp:featuredmedia":[{"embeddable":true,"href":"https:\/\/langenhagengegenrechts.de\/index.php\/wp-json\/wp\/v2\/media\/266"}],"wp:attachment":[{"href":"https:\/\/langenhagengegenrechts.de\/index.php\/wp-json\/wp\/v2\/media?parent=258"}],"wp:term":[{"taxonomy":"category","embeddable":true,"href":"https:\/\/langenhagengegenrechts.de\/index.php\/wp-json\/wp\/v2\/categories?post=258"},{"taxonomy":"post_tag","embeddable":true,"href":"https:\/\/langenhagengegenrechts.de\/index.php\/wp-json\/wp\/v2\/tags?post=258"}],"curies":[{"name":"wp","href":"https:\/\/api.w.org\/{rel}","templated":true}]}}