{"id":274,"date":"2012-12-31T12:23:52","date_gmt":"2012-12-31T10:23:52","guid":{"rendered":"http:\/\/lghg.wordpress.com\/?p=274"},"modified":"2012-12-31T12:23:52","modified_gmt":"2012-12-31T10:23:52","slug":"gedenkveranstaltung-am-mahnmal-fur-das-frauen-kz-langenhagen","status":"publish","type":"post","link":"https:\/\/langenhagengegenrechts.de\/index.php\/2012\/12\/31\/gedenkveranstaltung-am-mahnmal-fur-das-frauen-kz-langenhagen\/","title":{"rendered":"Gedenkveranstaltung am Mahnmal f\u00fcr das Frauen-KZ Langenhagen"},"content":{"rendered":"<p>Am 6. Januar 2013 veranstaltet das Aktionsb\u00fcndnis \u201eLangenhagener gegen Rechte Gewalt\u201c um 15 Uhr am Mahnmal zum Frauen-KZ Langenhagen im Industriegebiet Brink\u00ad-Hafen (Hackethalstra\u00dfe, Hannover) eine Gedenkveranstaltung. Es soll den Opfern des Nationalsozialismus und speziell der Frauen aus dem KZ Langenhagen gedacht werden. Es werden der hannoversche B\u00fcrgermeister Bernd Strauch und Friedhelm Fischer, B\u00fcrgermeister der Stadt Langenhagen, sprechen. Der DGB-Chor Hannover wird einen musikalischen Rahmen f\u00fcr die Veranstaltung geben.<\/p>\n<p>Das damals auf Langenhagener Stadtgebiet gelegene Konzentrationslager wurde am 06.01.1945 durch einen alliierten Bombenangriff zerst\u00f6rt und danach von den Nazis ger\u00e4umt. Das Aktionsb\u00fcndnis \u201eLangenhagener gegen Rechte Gewalt\u201c ruft zu einer regen Teilnahme auf, um auch ein deutliches Zeichen gegen den Neonazi-Terror der letzten Jahre zu setzen. <strong>Eine gelebte Demokratie muss sich immer wieder erneut gegen Rechtsextremismus und Rassismus zur Wehr setzen.<\/strong><\/p>\n<p>Der Standort des Mahnmals ist <a href=\"http:\/\/www.openstreetmap.org\/index.html?mlat=52.418&amp;mlon=9.7224&amp;zoom=15\">hier auf OpenStreetMap markiert<\/a>.<\/p>\n<p><strong>Nachtrag vom 06.01.2013 \/ Fotos von der Veranstaltung:<\/strong><\/p>\n<p><a href=\"https:\/\/langenhagengegenrechts.de\/wp-content\/uploads\/2013\/01\/img_6267.jpg\"><img loading=\"lazy\" decoding=\"async\" src=\"https:\/\/langenhagengegenrechts.de\/wp-content\/uploads\/2013\/01\/img_6267.jpg?w=500\" alt=\"IMG_6267\" width=\"500\" height=\"333\" class=\"alignnone size-large wp-image-288\" srcset=\"https:\/\/langenhagengegenrechts.de\/wp-content\/uploads\/2013\/01\/img_6267.jpg 600w, https:\/\/langenhagengegenrechts.de\/wp-content\/uploads\/2013\/01\/img_6267-300x200.jpg 300w\" sizes=\"auto, (max-width: 500px) 100vw, 500px\" \/><\/a><\/p>\n<p><a href=\"https:\/\/langenhagengegenrechts.de\/wp-content\/uploads\/2013\/01\/img_6305.jpg\"><img loading=\"lazy\" decoding=\"async\" src=\"https:\/\/langenhagengegenrechts.de\/wp-content\/uploads\/2013\/01\/img_6305.jpg?w=500\" alt=\"KZ-Langenhagen Gedenken 2013-01-06\" width=\"500\" height=\"333\" class=\"alignnone size-large wp-image-294\" srcset=\"https:\/\/langenhagengegenrechts.de\/wp-content\/uploads\/2013\/01\/img_6305.jpg 600w, https:\/\/langenhagengegenrechts.de\/wp-content\/uploads\/2013\/01\/img_6305-300x200.jpg 300w\" sizes=\"auto, (max-width: 500px) 100vw, 500px\" \/><\/a><\/p>\n<p><a href=\"https:\/\/langenhagengegenrechts.de\/wp-content\/uploads\/2013\/01\/img_6278.jpg\"><img loading=\"lazy\" decoding=\"async\" src=\"https:\/\/langenhagengegenrechts.de\/wp-content\/uploads\/2013\/01\/img_6278.jpg?w=500\" alt=\"KZ-Langenhagen Gedenken 2013-01-06\" width=\"500\" height=\"333\" class=\"alignnone size-large wp-image-289\" srcset=\"https:\/\/langenhagengegenrechts.de\/wp-content\/uploads\/2013\/01\/img_6278.jpg 600w, https:\/\/langenhagengegenrechts.de\/wp-content\/uploads\/2013\/01\/img_6278-300x200.jpg 300w\" sizes=\"auto, (max-width: 500px) 100vw, 500px\" \/><\/a><\/p>\n<p><a href=\"https:\/\/langenhagengegenrechts.de\/wp-content\/uploads\/2013\/01\/img_6284.jpg\"><img loading=\"lazy\" decoding=\"async\" src=\"https:\/\/langenhagengegenrechts.de\/wp-content\/uploads\/2013\/01\/img_6284.jpg?w=500\" alt=\"KZ-Langenhagen Gedenken 2013-01-06\" width=\"500\" height=\"333\" class=\"alignnone size-large wp-image-290\" srcset=\"https:\/\/langenhagengegenrechts.de\/wp-content\/uploads\/2013\/01\/img_6284.jpg 600w, https:\/\/langenhagengegenrechts.de\/wp-content\/uploads\/2013\/01\/img_6284-300x200.jpg 300w\" sizes=\"auto, (max-width: 500px) 100vw, 500px\" \/><\/a><\/p>\n<p><a href=\"https:\/\/langenhagengegenrechts.de\/wp-content\/uploads\/2013\/01\/img_6299.jpg\"><img loading=\"lazy\" decoding=\"async\" src=\"https:\/\/langenhagengegenrechts.de\/wp-content\/uploads\/2013\/01\/img_6299.jpg?w=500\" alt=\"KZ-Langenhagen Gedenken 2013-01-06\" width=\"500\" height=\"333\" class=\"alignnone size-large wp-image-292\" srcset=\"https:\/\/langenhagengegenrechts.de\/wp-content\/uploads\/2013\/01\/img_6299.jpg 600w, https:\/\/langenhagengegenrechts.de\/wp-content\/uploads\/2013\/01\/img_6299-300x200.jpg 300w\" sizes=\"auto, (max-width: 500px) 100vw, 500px\" \/><\/a><\/p>\n<p><a href=\"https:\/\/langenhagengegenrechts.de\/wp-content\/uploads\/2013\/01\/img_6296.jpg\"><img loading=\"lazy\" decoding=\"async\" src=\"https:\/\/langenhagengegenrechts.de\/wp-content\/uploads\/2013\/01\/img_6296.jpg?w=500\" alt=\"KZ-Langenhagen Gedenken 2013-01-06\" width=\"500\" height=\"333\" class=\"alignnone size-large wp-image-291\" srcset=\"https:\/\/langenhagengegenrechts.de\/wp-content\/uploads\/2013\/01\/img_6296.jpg 600w, https:\/\/langenhagengegenrechts.de\/wp-content\/uploads\/2013\/01\/img_6296-300x200.jpg 300w\" sizes=\"auto, (max-width: 500px) 100vw, 500px\" \/><\/a><\/p>\n<p><a href=\"https:\/\/langenhagengegenrechts.de\/wp-content\/uploads\/2013\/01\/img_6301.jpg\"><img loading=\"lazy\" decoding=\"async\" src=\"https:\/\/langenhagengegenrechts.de\/wp-content\/uploads\/2013\/01\/img_6301.jpg?w=500\" alt=\"KZ-Langenhagen Gedenken 2013-01-06\" width=\"500\" height=\"333\" class=\"alignnone size-large wp-image-293\" srcset=\"https:\/\/langenhagengegenrechts.de\/wp-content\/uploads\/2013\/01\/img_6301.jpg 600w, https:\/\/langenhagengegenrechts.de\/wp-content\/uploads\/2013\/01\/img_6301-300x200.jpg 300w\" sizes=\"auto, (max-width: 500px) 100vw, 500px\" \/><\/a><\/p>\n","protected":false},"excerpt":{"rendered":"<p>Am 6. Januar 2013 veranstaltet das Aktionsb\u00fcndnis \u201eLangenhagener gegen Rechte Gewalt\u201c um 15 Uhr am Mahnmal zum Frauen-KZ Langenhagen im Industriegebiet Brink\u00ad-Hafen (Hackethalstra\u00dfe, Hannover) eine Gedenkveranstaltung. Es soll den Opfern des Nationalsozialismus und speziell der Frauen aus dem KZ Langenhagen gedacht werden. Es werden der hannoversche B\u00fcrgermeister Bernd Strauch und Friedhelm Fischer, B\u00fcrgermeister der Stadt &hellip; <\/p>\n<p class=\"link-more\"><a href=\"https:\/\/langenhagengegenrechts.de\/index.php\/2012\/12\/31\/gedenkveranstaltung-am-mahnmal-fur-das-frauen-kz-langenhagen\/\" class=\"more-link\"><span class=\"screen-reader-text\">\u201eGedenkveranstaltung am Mahnmal f\u00fcr das Frauen-KZ Langenhagen\u201c <\/span>weiterlesen<\/a><\/p>\n","protected":false},"author":1,"featured_media":296,"comment_status":"closed","ping_status":"open","sticky":false,"template":"","format":"standard","meta":{"footnotes":""},"categories":[4,6,8],"tags":[],"class_list":["post-274","post","type-post","status-publish","format-standard","has-post-thumbnail","hentry","category-aufruf","category-gedenken","category-pressemitteilungen"],"_links":{"self":[{"href":"https:\/\/langenhagengegenrechts.de\/index.php\/wp-json\/wp\/v2\/posts\/274","targetHints":{"allow":["GET"]}}],"collection":[{"href":"https:\/\/langenhagengegenrechts.de\/index.php\/wp-json\/wp\/v2\/posts"}],"about":[{"href":"https:\/\/langenhagengegenrechts.de\/index.php\/wp-json\/wp\/v2\/types\/post"}],"author":[{"embeddable":true,"href":"https:\/\/langenhagengegenrechts.de\/index.php\/wp-json\/wp\/v2\/users\/1"}],"replies":[{"embeddable":true,"href":"https:\/\/langenhagengegenrechts.de\/index.php\/wp-json\/wp\/v2\/comments?post=274"}],"version-history":[{"count":0,"href":"https:\/\/langenhagengegenrechts.de\/index.php\/wp-json\/wp\/v2\/posts\/274\/revisions"}],"wp:featuredmedia":[{"embeddable":true,"href":"https:\/\/langenhagengegenrechts.de\/index.php\/wp-json\/wp\/v2\/media\/296"}],"wp:attachment":[{"href":"https:\/\/langenhagengegenrechts.de\/index.php\/wp-json\/wp\/v2\/media?parent=274"}],"wp:term":[{"taxonomy":"category","embeddable":true,"href":"https:\/\/langenhagengegenrechts.de\/index.php\/wp-json\/wp\/v2\/categories?post=274"},{"taxonomy":"post_tag","embeddable":true,"href":"https:\/\/langenhagengegenrechts.de\/index.php\/wp-json\/wp\/v2\/tags?post=274"}],"curies":[{"name":"wp","href":"https:\/\/api.w.org\/{rel}","templated":true}]}}