{"id":317,"date":"2013-12-26T21:03:48","date_gmt":"2013-12-26T19:03:48","guid":{"rendered":"http:\/\/lghg.wordpress.com\/?p=317"},"modified":"2013-12-26T21:03:48","modified_gmt":"2013-12-26T19:03:48","slug":"gedenkveranstaltung-am-mahnmal-fur-das-frauen-kz-langenhagen-am-06-01-2014-um-18-uhr","status":"publish","type":"post","link":"https:\/\/langenhagengegenrechts.de\/index.php\/2013\/12\/26\/gedenkveranstaltung-am-mahnmal-fur-das-frauen-kz-langenhagen-am-06-01-2014-um-18-uhr\/","title":{"rendered":"Gedenkveranstaltung am Mahnmal f\u00fcr das Frauen-KZ Langenhagen am 06.01.2014 um 18 Uhr"},"content":{"rendered":"<p>Am 6. Januar 2014 veranstaltet das Aktionsb\u00fcndnis \u201eLangenhagener gegen Rechte Gewalt\u201c um 18 Uhr am Mahnmal zum Frauen-KZ Langenhagen am Brinker Hafen (Hackethalstra\u00dfe, Hannover) eine Gedenkveranstaltung. Es soll den Opfern des Nationalsozialismus und speziell der Frauen aus dem KZ Langenhagen gedacht werden. Es werden der hannoversche B\u00fcrgermeister Bernd Strauch und Friedhelm Fischer, B\u00fcrgermeister der Stadt Langenhagen, sprechen. Der DGB-Chor Hannover wird einen musikalischen Rahmen f\u00fcr die Veranstaltung geben.<\/p>\n<p>Das damals auf Langenhagener Stadtgebiet gelegene Konzentrationslager wurde am 06.01.1945 durch einen alliierten Bombenangriff zerst\u00f6rt und danach von den Nazis ger\u00e4umt. Das Aktionsb\u00fcndnis \u201eLangenhagener gegen Rechte Gewalt\u201c ruft zu einer regen Teilnahme auf, um auch ein deutliches Zeichen gegen den Neonazi-Terror der letzten Jahre zu setzen. Eine gelebte Demokratie muss sich immer wieder erneut gegen Rechtsextremismus und Rassismus zur Wehr setzen.<\/p>\n<p>Der Standort des Mahnmals ist <a href=\"http:\/\/www.openstreetmap.org\/index.html?mlat=52.418&amp;mlon=9.7224&amp;zoom=15\">hier auf OpenStreetMap markiert<\/a>.<\/p>\n<p><strong>Nachtrag vom 07.01.2014 \/ Fotos von der Veranstaltung:<\/strong><\/p>\n<p><a href=\"https:\/\/langenhagengegenrechts.de\/wp-content\/uploads\/2014\/01\/2014-01-06-gedenkveranstaltung-kz-langenhagen-2.jpg\"><img loading=\"lazy\" decoding=\"async\" class=\"alignnone size-large wp-image-323\" alt=\"2014-01-06 Gedenkveranstaltung KZ-Langenhagen 2\" src=\"https:\/\/langenhagengegenrechts.de\/wp-content\/uploads\/2014\/01\/2014-01-06-gedenkveranstaltung-kz-langenhagen-2.jpg?w=500\" width=\"500\" height=\"333\" srcset=\"https:\/\/langenhagengegenrechts.de\/wp-content\/uploads\/2014\/01\/2014-01-06-gedenkveranstaltung-kz-langenhagen-2.jpg 600w, https:\/\/langenhagengegenrechts.de\/wp-content\/uploads\/2014\/01\/2014-01-06-gedenkveranstaltung-kz-langenhagen-2-300x200.jpg 300w\" sizes=\"auto, (max-width: 500px) 100vw, 500px\" \/><\/a><\/p>\n<p><a href=\"https:\/\/langenhagengegenrechts.de\/wp-content\/uploads\/2014\/01\/2014-01-06-gedenkveranstaltung-kz-langenhagen-1.jpg\"><img loading=\"lazy\" decoding=\"async\" class=\"alignnone size-large wp-image-322\" alt=\"2014-01-06 Gedenkveranstaltung KZ-Langenhagen 1\" src=\"https:\/\/langenhagengegenrechts.de\/wp-content\/uploads\/2014\/01\/2014-01-06-gedenkveranstaltung-kz-langenhagen-1.jpg?w=500\" width=\"500\" height=\"333\" srcset=\"https:\/\/langenhagengegenrechts.de\/wp-content\/uploads\/2014\/01\/2014-01-06-gedenkveranstaltung-kz-langenhagen-1.jpg 600w, https:\/\/langenhagengegenrechts.de\/wp-content\/uploads\/2014\/01\/2014-01-06-gedenkveranstaltung-kz-langenhagen-1-300x200.jpg 300w\" sizes=\"auto, (max-width: 500px) 100vw, 500px\" \/><\/a><\/p>\n<p><a href=\"https:\/\/langenhagengegenrechts.de\/wp-content\/uploads\/2014\/01\/2014-01-06-gedenkveranstaltung-kz-langenhagen-0.jpg\"><img loading=\"lazy\" decoding=\"async\" class=\"alignnone  wp-image-321\" alt=\"2014-01-06 Gedenkveranstaltung KZ-Langenhagen 0\" src=\"https:\/\/langenhagengegenrechts.de\/wp-content\/uploads\/2014\/01\/2014-01-06-gedenkveranstaltung-kz-langenhagen-0.jpg\" width=\"333\" height=\"500\" srcset=\"https:\/\/langenhagengegenrechts.de\/wp-content\/uploads\/2014\/01\/2014-01-06-gedenkveranstaltung-kz-langenhagen-0.jpg 400w, https:\/\/langenhagengegenrechts.de\/wp-content\/uploads\/2014\/01\/2014-01-06-gedenkveranstaltung-kz-langenhagen-0-200x300.jpg 200w\" sizes=\"auto, (max-width: 333px) 100vw, 333px\" \/><\/a><\/p>\n<p><a href=\"https:\/\/langenhagengegenrechts.de\/wp-content\/uploads\/2014\/01\/2014-01-06-gedenkveranstaltung-kz-langenhagen-3.jpg\"><img loading=\"lazy\" decoding=\"async\" class=\"alignnone size-large wp-image-324\" alt=\"2014-01-06 Gedenkveranstaltung KZ-Langenhagen 3\" src=\"https:\/\/langenhagengegenrechts.de\/wp-content\/uploads\/2014\/01\/2014-01-06-gedenkveranstaltung-kz-langenhagen-3.jpg?w=500\" width=\"500\" height=\"333\" srcset=\"https:\/\/langenhagengegenrechts.de\/wp-content\/uploads\/2014\/01\/2014-01-06-gedenkveranstaltung-kz-langenhagen-3.jpg 600w, https:\/\/langenhagengegenrechts.de\/wp-content\/uploads\/2014\/01\/2014-01-06-gedenkveranstaltung-kz-langenhagen-3-300x200.jpg 300w\" sizes=\"auto, (max-width: 500px) 100vw, 500px\" \/><\/a><\/p>\n","protected":false},"excerpt":{"rendered":"<p>Am 6. Januar 2014 veranstaltet das Aktionsb\u00fcndnis \u201eLangenhagener gegen Rechte Gewalt\u201c um 18 Uhr am Mahnmal zum Frauen-KZ Langenhagen am Brinker Hafen (Hackethalstra\u00dfe, Hannover) eine Gedenkveranstaltung. Es soll den Opfern des Nationalsozialismus und speziell der Frauen aus dem KZ Langenhagen gedacht werden. Es werden der hannoversche B\u00fcrgermeister Bernd Strauch und Friedhelm Fischer, B\u00fcrgermeister der Stadt &hellip; <\/p>\n<p class=\"link-more\"><a href=\"https:\/\/langenhagengegenrechts.de\/index.php\/2013\/12\/26\/gedenkveranstaltung-am-mahnmal-fur-das-frauen-kz-langenhagen-am-06-01-2014-um-18-uhr\/\" class=\"more-link\"><span class=\"screen-reader-text\">\u201eGedenkveranstaltung am Mahnmal f\u00fcr das Frauen-KZ Langenhagen am 06.01.2014 um 18 Uhr\u201c <\/span>weiterlesen<\/a><\/p>\n","protected":false},"author":1,"featured_media":0,"comment_status":"closed","ping_status":"open","sticky":false,"template":"","format":"standard","meta":{"footnotes":""},"categories":[4,6,8],"tags":[],"class_list":["post-317","post","type-post","status-publish","format-standard","hentry","category-aufruf","category-gedenken","category-pressemitteilungen"],"_links":{"self":[{"href":"https:\/\/langenhagengegenrechts.de\/index.php\/wp-json\/wp\/v2\/posts\/317","targetHints":{"allow":["GET"]}}],"collection":[{"href":"https:\/\/langenhagengegenrechts.de\/index.php\/wp-json\/wp\/v2\/posts"}],"about":[{"href":"https:\/\/langenhagengegenrechts.de\/index.php\/wp-json\/wp\/v2\/types\/post"}],"author":[{"embeddable":true,"href":"https:\/\/langenhagengegenrechts.de\/index.php\/wp-json\/wp\/v2\/users\/1"}],"replies":[{"embeddable":true,"href":"https:\/\/langenhagengegenrechts.de\/index.php\/wp-json\/wp\/v2\/comments?post=317"}],"version-history":[{"count":0,"href":"https:\/\/langenhagengegenrechts.de\/index.php\/wp-json\/wp\/v2\/posts\/317\/revisions"}],"wp:attachment":[{"href":"https:\/\/langenhagengegenrechts.de\/index.php\/wp-json\/wp\/v2\/media?parent=317"}],"wp:term":[{"taxonomy":"category","embeddable":true,"href":"https:\/\/langenhagengegenrechts.de\/index.php\/wp-json\/wp\/v2\/categories?post=317"},{"taxonomy":"post_tag","embeddable":true,"href":"https:\/\/langenhagengegenrechts.de\/index.php\/wp-json\/wp\/v2\/tags?post=317"}],"curies":[{"name":"wp","href":"https:\/\/api.w.org\/{rel}","templated":true}]}}