{"id":327,"date":"2014-04-06T22:17:47","date_gmt":"2014-04-06T20:17:47","guid":{"rendered":"http:\/\/lghg.wordpress.com\/?p=327"},"modified":"2014-04-06T22:17:47","modified_gmt":"2014-04-06T20:17:47","slug":"gedenkfeier-fur-die-opfer-des-frauen-kz-limmer-am-10-04-2014","status":"publish","type":"post","link":"https:\/\/langenhagengegenrechts.de\/index.php\/2014\/04\/06\/gedenkfeier-fur-die-opfer-des-frauen-kz-limmer-am-10-04-2014\/","title":{"rendered":"Gedenkfeier f\u00fcr die Opfer des Frauen-KZ Limmer am 10.04.2014"},"content":{"rendered":"<blockquote><p>Erstmals organisiert der Arbeitskreis \u00bbEin Mahnmal f\u00fcr das Frauen-KZ in Limmer\u00bb in diesem Jahr eine Gedenkveranstaltung am Tag der Befreiung des Lagers.<\/p>\n<p><a href=\"https:\/\/langenhagengegenrechts.de\/wp-content\/uploads\/2014\/04\/banner_gedenken_2014-limmer.png\"><img loading=\"lazy\" decoding=\"async\" class=\"alignnone size-full wp-image-330\" src=\"https:\/\/langenhagengegenrechts.de\/wp-content\/uploads\/2014\/04\/banner_gedenken_2014-limmer.png\" alt=\"banner_gedenken_2014-limmer\" width=\"474\" height=\"115\" srcset=\"https:\/\/langenhagengegenrechts.de\/wp-content\/uploads\/2014\/04\/banner_gedenken_2014-limmer.png 474w, https:\/\/langenhagengegenrechts.de\/wp-content\/uploads\/2014\/04\/banner_gedenken_2014-limmer-300x73.png 300w\" sizes=\"auto, (max-width: 474px) 100vw, 474px\" \/><\/a><\/p>\n<p>Auf dem Gel\u00e4nde der Continental Gummiwerke AG in Limmer befand sich von Juni 1944 bis April 1945 ein Au\u00dfenlager des Konzentrationslagers Neuengamme.<br \/>\nMehr als 1.000 Frauen \u00fcberwiegend franz\u00f6sischer und polnischer Herkunft mussten im KZ Limmer Zwangsarbeit f\u00fcr die Kriegsproduktion der Continental und der Brinker Eisenwerke leisten. Zwei Frauen starben an den Entbehrungen im Lager.<\/p>\n<p>In den letzten Kriegstagen wurde dieses ger\u00e4umt und die H\u00e4ftlinge gezwungen, nach Bergen-Belsen zu marschieren. Den Todesmarsch und den einw\u00f6chigen Aufenthalt bis zur Befreiung im Inferno von Bergen-Belsen \u00fcberlebten<br \/>\nzahlreiche der Frauen nicht.<\/p>\n<p>Die \u00fcber 70 Frauen, die sich im Lager Limmer versteckt gehalten hatten oder zu krank f\u00fcr den Marsch gewesen waren, wurden am 10. April 1945 von der us-amerikanischen Armee hier in Hannover befreit.<\/p><\/blockquote>\n<blockquote class=\"wp-embedded-content\" data-secret=\"gQcLx0nm3P\"><p><a href=\"https:\/\/kz-limmer.de\/\">Einen Ort des Geden\u00adkens schaf\u00adfen<\/a><\/p><\/blockquote>\n<p><iframe loading=\"lazy\" class=\"wp-embedded-content\" sandbox=\"allow-scripts\" security=\"restricted\" style=\"position: absolute; clip: rect(1px, 1px, 1px, 1px);\" title=\"&#8222;Einen Ort des Geden\u00adkens schaf\u00adfen&#8220; &#8212; Arbeitskreis \u00bbEin Mahnmal f\u00fcr das Frauen-KZ in Limmer\u00ab\" src=\"https:\/\/kz-limmer.de\/embed\/#?secret=X1KEnN8fzN#?secret=gQcLx0nm3P\" data-secret=\"gQcLx0nm3P\" width=\"525\" height=\"296\" frameborder=\"0\" marginwidth=\"0\" marginheight=\"0\" scrolling=\"no\"><\/iframe><\/p>\n","protected":false},"excerpt":{"rendered":"<p>Erstmals organisiert der Arbeitskreis \u00bbEin Mahnmal f\u00fcr das Frauen-KZ in Limmer\u00bb in diesem Jahr eine Gedenkveranstaltung am Tag der Befreiung des Lagers. Auf dem Gel\u00e4nde der Continental Gummiwerke AG in Limmer befand sich von Juni 1944 bis April 1945 ein Au\u00dfenlager des Konzentrationslagers Neuengamme. Mehr als 1.000 Frauen \u00fcberwiegend franz\u00f6sischer und polnischer Herkunft mussten im &hellip; <\/p>\n<p class=\"link-more\"><a href=\"https:\/\/langenhagengegenrechts.de\/index.php\/2014\/04\/06\/gedenkfeier-fur-die-opfer-des-frauen-kz-limmer-am-10-04-2014\/\" class=\"more-link\"><span class=\"screen-reader-text\">\u201eGedenkfeier f\u00fcr die Opfer des Frauen-KZ Limmer am 10.04.2014\u201c <\/span>weiterlesen<\/a><\/p>\n","protected":false},"author":1,"featured_media":0,"comment_status":"closed","ping_status":"open","sticky":false,"template":"","format":"standard","meta":{"footnotes":""},"categories":[4,6],"tags":[],"class_list":["post-327","post","type-post","status-publish","format-standard","hentry","category-aufruf","category-gedenken"],"_links":{"self":[{"href":"https:\/\/langenhagengegenrechts.de\/index.php\/wp-json\/wp\/v2\/posts\/327","targetHints":{"allow":["GET"]}}],"collection":[{"href":"https:\/\/langenhagengegenrechts.de\/index.php\/wp-json\/wp\/v2\/posts"}],"about":[{"href":"https:\/\/langenhagengegenrechts.de\/index.php\/wp-json\/wp\/v2\/types\/post"}],"author":[{"embeddable":true,"href":"https:\/\/langenhagengegenrechts.de\/index.php\/wp-json\/wp\/v2\/users\/1"}],"replies":[{"embeddable":true,"href":"https:\/\/langenhagengegenrechts.de\/index.php\/wp-json\/wp\/v2\/comments?post=327"}],"version-history":[{"count":0,"href":"https:\/\/langenhagengegenrechts.de\/index.php\/wp-json\/wp\/v2\/posts\/327\/revisions"}],"wp:attachment":[{"href":"https:\/\/langenhagengegenrechts.de\/index.php\/wp-json\/wp\/v2\/media?parent=327"}],"wp:term":[{"taxonomy":"category","embeddable":true,"href":"https:\/\/langenhagengegenrechts.de\/index.php\/wp-json\/wp\/v2\/categories?post=327"},{"taxonomy":"post_tag","embeddable":true,"href":"https:\/\/langenhagengegenrechts.de\/index.php\/wp-json\/wp\/v2\/tags?post=327"}],"curies":[{"name":"wp","href":"https:\/\/api.w.org\/{rel}","templated":true}]}}