{"id":340,"date":"2014-08-31T14:48:06","date_gmt":"2014-08-31T12:48:06","guid":{"rendered":"http:\/\/lghg.wordpress.com\/?p=340"},"modified":"2014-08-31T14:48:06","modified_gmt":"2014-08-31T12:48:06","slug":"fahrradtour-am-freitag-05-september","status":"publish","type":"post","link":"https:\/\/langenhagengegenrechts.de\/index.php\/2014\/08\/31\/fahrradtour-am-freitag-05-september\/","title":{"rendered":"Fahrradtour am Freitag 05. September"},"content":{"rendered":"<p>Am n\u00e4chsten Freitag werden wir eine Radtour zu einigen ausgew\u00e4hlten Punkten aus unserem &#8222;Antifaschistischen Stadtrundgang&#8220; durchf\u00fchren. 75 Jahre nach Beginn des Zweiten Weltkriegs wollen wir Orte in Langenhagen besuchen, die einen Bezug zum Nationalsozialismus und Krieg aufweisen.<\/p>\n<p>Die geplante Strecke mit einer L\u00e4nge von ca. 14 km, werden wir mit einer f\u00fcr alle schaffbaren Geschwindigkeit abfahren. Treffpunkt ist vor dem Haus der Jugend am Langenforther Platz um 17 Uhr. Die Teilnahme ist selbstverst\u00e4ndlich kostenlos, eine Anmeldung ist nicht erforderlich.<\/p>\n","protected":false},"excerpt":{"rendered":"<p>Am n\u00e4chsten Freitag werden wir eine Radtour zu einigen ausgew\u00e4hlten Punkten aus unserem &#8222;Antifaschistischen Stadtrundgang&#8220; durchf\u00fchren. 75 Jahre nach Beginn des Zweiten Weltkriegs wollen wir Orte in Langenhagen besuchen, die einen Bezug zum Nationalsozialismus und Krieg aufweisen. Die geplante Strecke mit einer L\u00e4nge von ca. 14 km, werden wir mit einer f\u00fcr alle schaffbaren Geschwindigkeit &hellip; <\/p>\n<p class=\"link-more\"><a href=\"https:\/\/langenhagengegenrechts.de\/index.php\/2014\/08\/31\/fahrradtour-am-freitag-05-september\/\" class=\"more-link\"><span class=\"screen-reader-text\">\u201eFahrradtour am Freitag 05. September\u201c <\/span>weiterlesen<\/a><\/p>\n","protected":false},"author":1,"featured_media":0,"comment_status":"closed","ping_status":"open","sticky":false,"template":"","format":"standard","meta":{"footnotes":""},"categories":[2],"tags":[],"class_list":["post-340","post","type-post","status-publish","format-standard","hentry","category-aktion"],"_links":{"self":[{"href":"https:\/\/langenhagengegenrechts.de\/index.php\/wp-json\/wp\/v2\/posts\/340","targetHints":{"allow":["GET"]}}],"collection":[{"href":"https:\/\/langenhagengegenrechts.de\/index.php\/wp-json\/wp\/v2\/posts"}],"about":[{"href":"https:\/\/langenhagengegenrechts.de\/index.php\/wp-json\/wp\/v2\/types\/post"}],"author":[{"embeddable":true,"href":"https:\/\/langenhagengegenrechts.de\/index.php\/wp-json\/wp\/v2\/users\/1"}],"replies":[{"embeddable":true,"href":"https:\/\/langenhagengegenrechts.de\/index.php\/wp-json\/wp\/v2\/comments?post=340"}],"version-history":[{"count":0,"href":"https:\/\/langenhagengegenrechts.de\/index.php\/wp-json\/wp\/v2\/posts\/340\/revisions"}],"wp:attachment":[{"href":"https:\/\/langenhagengegenrechts.de\/index.php\/wp-json\/wp\/v2\/media?parent=340"}],"wp:term":[{"taxonomy":"category","embeddable":true,"href":"https:\/\/langenhagengegenrechts.de\/index.php\/wp-json\/wp\/v2\/categories?post=340"},{"taxonomy":"post_tag","embeddable":true,"href":"https:\/\/langenhagengegenrechts.de\/index.php\/wp-json\/wp\/v2\/tags?post=340"}],"curies":[{"name":"wp","href":"https:\/\/api.w.org\/{rel}","templated":true}]}}