{"id":438,"date":"2020-11-28T17:41:25","date_gmt":"2020-11-28T16:41:25","guid":{"rendered":"https:\/\/langenhagengegenrechts.de\/?p=438"},"modified":"2021-01-13T00:14:26","modified_gmt":"2021-01-12T23:14:26","slug":"strassenbenennungen-kz-limmer","status":"publish","type":"post","link":"https:\/\/langenhagengegenrechts.de\/index.php\/2020\/11\/28\/strassenbenennungen-kz-limmer\/","title":{"rendered":"Stra\u00dfenbenennungen KZ Limmer"},"content":{"rendered":"<p>Nach Aufl\u00f6sung des KZ Au\u00dfenlager Langenhagen wurden die H\u00e4ftlinge in das KZ Au\u00dfenlager Limmer verlegt. Aktuell wird die Fl\u00e4che des aufgegebenen Continentalwerks Limmer, auf dem sich das dortige KZ befand, in ein Wohngebiet umgewandelt. Dabei werden auf dem Gel\u00e4nde der sogenannten Wasserstadt Limmer neue Stra\u00dfen angelegt.<\/p>\n<figure id=\"attachment_441\" aria-describedby=\"caption-attachment-441\" style=\"width: 525px\" class=\"wp-caption alignnone\"><img loading=\"lazy\" decoding=\"async\" class=\"wp-image-441 size-large\" src=\"https:\/\/langenhagengegenrechts.de\/wp-content\/uploads\/2020\/11\/2020-06-25_190622_Hannover_Wasserstadt_Limmer_im_Bau-1024x683.jpg\" alt=\"Baustelle Wasserstadt Limmer\" width=\"525\" height=\"350\" srcset=\"https:\/\/langenhagengegenrechts.de\/wp-content\/uploads\/2020\/11\/2020-06-25_190622_Hannover_Wasserstadt_Limmer_im_Bau-1024x683.jpg 1024w, https:\/\/langenhagengegenrechts.de\/wp-content\/uploads\/2020\/11\/2020-06-25_190622_Hannover_Wasserstadt_Limmer_im_Bau-300x200.jpg 300w, https:\/\/langenhagengegenrechts.de\/wp-content\/uploads\/2020\/11\/2020-06-25_190622_Hannover_Wasserstadt_Limmer_im_Bau-768x512.jpg 768w, https:\/\/langenhagengegenrechts.de\/wp-content\/uploads\/2020\/11\/2020-06-25_190622_Hannover_Wasserstadt_Limmer_im_Bau-1536x1024.jpg 1536w, https:\/\/langenhagengegenrechts.de\/wp-content\/uploads\/2020\/11\/2020-06-25_190622_Hannover_Wasserstadt_Limmer_im_Bau-2048x1366.jpg 2048w\" sizes=\"auto, (max-width: 525px) 100vw, 525px\" \/><figcaption id=\"caption-attachment-441\" class=\"wp-caption-text\">Wasserstadt Limmer im Bau, aufgenommen am 25. Juni 2020<\/figcaption><\/figure>\n<p>Gem\u00e4\u00df Beschluss vom hannoverschen Stadtbezirksrat Linden-Limmer werden die Stra\u00dfen im \u00f6stlichen Bereich nach Frauen benannt, die H\u00e4ftlinge im KZ Limmer gewesen sind:<\/p>\n<pre>Antonia-Agafonowa-Stra\u00dfe\r\nC\u00e9cile-Huk-Ring\r\nJulienne-Trouet-Platz\r\nMaria-Suszy\u0144ska-Bartman-Weg\r\nStanis\u0142awa-Kami\u0144ska-Stra\u00dfe\r\nSt\u00e9phanie-Kuder-Stra\u00dfe<\/pre>\n<p><em>Maria Suszy\u0144ska-Bartman<\/em> und <em>Stanis\u0142awa Kami\u0144ska<\/em> waren H\u00e4ftlinge im KZ Au\u00dfenlager Lagenhagen, bevor sie in das KZ Au\u00dfenlager Limmer verlegt worden sind.<\/p>\n<p>Die folgenden Erl\u00e4uterungen der Stra\u00dfennamen stammen aus dem <a href=\"https:\/\/www.hannover-gis.de\">Geoinformationssystem der Landeshauptstadt Hannover (hannover-gis.de)<\/a>:<\/p>\n<blockquote><p>&#8222;<strong>Maria Suszy\u0144ska-Bartman<\/strong>, geb. Suszy\u0144ska, geb. am 01.01.1906 in Nowa Ruda in der Provinz Posen, lebte sp\u00e4ter in Warschau. Auf der Karteikarte der SS ist ihr Beruf mit &#8218;B\u00fcroangestellte&#8216; angegeben. 1938 deb\u00fctierte sie bereits als Schriftstellerin. Am 1. August 1944 begann der Warschauer Aufstand gegen die deutschen Besatzer, der brutal niedergeschlagen wurde. Im Zuge der Vergeltungsma\u00dfnahmen gegen die Zivilbev\u00f6lkerung wurde Maria Suszy\u0144ska um den 20. August inhaftiert und \u00fcber das Durchgangslager Pruszk\u00f3w in das Konzentrationslager Stutthof bei Danzig verschleppt. Vom 29. September bis zum 2. Oktober 1944 wurde sie in einer Gruppe von 500 Frauen in Vieh- und G\u00fcterwaggons nach Hannover deportiert und kam in das KZ-Au\u00dfenlager Langenhagen bei den Brinker Eisenwerken, wo sie in der Munitionsproduktion schwerste Zwangsarbeit leisten musste. Am 6. Januar 1945 wurde das KZ Langenhagen durch einen Bombenangriff zerst\u00f6rt. Die Gefangenen wurden nun im KZ Conti-Limmer untergebracht. Nach dem Evakuierungsmarsch in das KZ Bergen-Belsen wurde Maria Suszy\u0144ska dort eine Woche sp\u00e4ter am 15. April 1945 befreit. Sie erkrankte und geh\u00f6rte zu den rund 7.000 H\u00e4ftlingen aus dem KZ Bergen-Belsen, die nach dem Krankenhausaufenthalt zur Kur nach Schweden kamen. Nach ihrer R\u00fcckkehr nach Polen war sie wieder als Schriftstellerin t\u00e4tig. 1971 erschien im Verlag Czytelnik (Warszawa) Maria Suszy\u0144ska-Bartmans etwa 250 Seiten umfassender autobiografischer Bericht &#8218;Nie\u015bwiete Meczennice&#8216; (Unheilige M\u00e4rtyrerinnen) \u00fcber ihre Deportation und KZ-Haft. Maria Suszy\u0144ska-Bartman starb am 25. M\u00e4rz 1991. Sie wurde auf dem Friedhof von Bydgoszcz beigesetzt.&#8220;<\/p>\n<p>&#8222;<strong>Stanis\u0142awa Kami\u0144ska<\/strong> wurde am 14. Januar 1914 in Warschau geboren. Auf der Karteikarte der SS ist als Beruf &#8218;Arbeiterin&#8216; angegeben. Am 27. August 1944 wurde sie w\u00e4hrend des Warschauer Aufstandes verhaftet und \u00fcber das Durchgangslager Pruszk\u00f3w gemeinsam mit ihren j\u00fcngeren Schwestern Krystyna und Weronika in das KZ Stutthof eingeliefert. Von dort gelangten die Geschwister in einem Transport von insgesamt 500 Frauen am 2. Oktober 1944 in das KZ-Au\u00dfenlager Langenhagen. Als dieses Lager in der Nacht vom 5. auf den 6. Januar 1945 durch einen britischen Luftangriff zerst\u00f6rt worden war, wurden alle dortigen H\u00e4ftlinge zus\u00e4tzlich in das KZ-Au\u00dfenlager Conti-Limmer \u00fcberf\u00fchrt. Nach Ihrer Befreiung, noch w\u00e4hrend ihres Aufenthalts in Deutschland hat Stanis\u0142awa Kami\u0144ska in der Organisation ehemaliger Polnischer H\u00e4ftlinge mitgearbeitet. 1946 kehrte sie nach Polen zur\u00fcck und arbeitete in der Milit\u00e4rischen Bibliothek in Warschau. Sie war Mitglied im Klub der ehem. Bergen-Belsen-H\u00e4ftlinge, k\u00fcmmerte sich um \u00e4ltere Mitglieder und hat den Klub zusammengehalten. Sie starb im Jahr 1997.&#8220;<\/p><\/blockquote>\n<p>F\u00fcr weitere Informationen zum KZ Au\u00dfenlager Limmer verweisen wir auf die <a href=\"https:\/\/kz-limmer.de\">Webseite des Arbeitskreis &#8222;Ein Mahnmal f\u00fcr das Frauen-KZ in Limmer&#8220; (kz-limmer.de)<\/a>.<\/p>\n","protected":false},"excerpt":{"rendered":"<p>Nach Aufl\u00f6sung des KZ Au\u00dfenlager Langenhagen wurden die H\u00e4ftlinge in das KZ Au\u00dfenlager Limmer verlegt. Aktuell wird die Fl\u00e4che des aufgegebenen Continentalwerks Limmer, auf dem sich das dortige KZ befand, in ein Wohngebiet umgewandelt. Dabei werden auf dem Gel\u00e4nde der sogenannten Wasserstadt Limmer neue Stra\u00dfen angelegt. Gem\u00e4\u00df Beschluss vom hannoverschen Stadtbezirksrat Linden-Limmer werden die Stra\u00dfen &hellip; <\/p>\n<p class=\"link-more\"><a href=\"https:\/\/langenhagengegenrechts.de\/index.php\/2020\/11\/28\/strassenbenennungen-kz-limmer\/\" class=\"more-link\"><span class=\"screen-reader-text\">\u201eStra\u00dfenbenennungen KZ Limmer\u201c <\/span>weiterlesen<\/a><\/p>\n","protected":false},"author":1,"featured_media":0,"comment_status":"closed","ping_status":"closed","sticky":false,"template":"","format":"standard","meta":{"footnotes":""},"categories":[1],"tags":[],"class_list":["post-438","post","type-post","status-publish","format-standard","hentry","category-allgemein"],"_links":{"self":[{"href":"https:\/\/langenhagengegenrechts.de\/index.php\/wp-json\/wp\/v2\/posts\/438","targetHints":{"allow":["GET"]}}],"collection":[{"href":"https:\/\/langenhagengegenrechts.de\/index.php\/wp-json\/wp\/v2\/posts"}],"about":[{"href":"https:\/\/langenhagengegenrechts.de\/index.php\/wp-json\/wp\/v2\/types\/post"}],"author":[{"embeddable":true,"href":"https:\/\/langenhagengegenrechts.de\/index.php\/wp-json\/wp\/v2\/users\/1"}],"replies":[{"embeddable":true,"href":"https:\/\/langenhagengegenrechts.de\/index.php\/wp-json\/wp\/v2\/comments?post=438"}],"version-history":[{"count":12,"href":"https:\/\/langenhagengegenrechts.de\/index.php\/wp-json\/wp\/v2\/posts\/438\/revisions"}],"predecessor-version":[{"id":456,"href":"https:\/\/langenhagengegenrechts.de\/index.php\/wp-json\/wp\/v2\/posts\/438\/revisions\/456"}],"wp:attachment":[{"href":"https:\/\/langenhagengegenrechts.de\/index.php\/wp-json\/wp\/v2\/media?parent=438"}],"wp:term":[{"taxonomy":"category","embeddable":true,"href":"https:\/\/langenhagengegenrechts.de\/index.php\/wp-json\/wp\/v2\/categories?post=438"},{"taxonomy":"post_tag","embeddable":true,"href":"https:\/\/langenhagengegenrechts.de\/index.php\/wp-json\/wp\/v2\/tags?post=438"}],"curies":[{"name":"wp","href":"https:\/\/api.w.org\/{rel}","templated":true}]}}