{"id":77,"date":"2008-06-16T17:39:14","date_gmt":"2008-06-16T15:39:14","guid":{"rendered":"http:\/\/lghg.wordpress.com\/?p=77"},"modified":"2008-06-16T17:39:14","modified_gmt":"2008-06-16T15:39:14","slug":"infoabend-und-demo-in-langenhagen","status":"publish","type":"post","link":"https:\/\/langenhagengegenrechts.de\/index.php\/2008\/06\/16\/infoabend-und-demo-in-langenhagen\/","title":{"rendered":"Infoabend und Demo in Langenhagen"},"content":{"rendered":"<p>Zitat von <a title=\"Infogruppe nazifreies Langenhagen\" href=\"http:\/\/www.nazifrei-langenhagen.de\/\" target=\"_self\">Infogruppe nazifreies Langenhagen<\/a>:<\/p>\n<blockquote><p>&#8218;Nazistress in Langenhagen? \u2013 Nicht mit uns!<\/p>\n<p>Eingeschmissene Fensterscheiben im Jugend\u00adzentrum, mit Naziaufklebern verseuchte Stra\u00dfen, gewaltt\u00e4tige \u00dcbergriffe auf Anders\u00addenkende \u2013 Neonazis konnten sich innerhalb des letzten Jahres viel zu ungest\u00f6rt in Langenhagen ausbreiten. Auf den Stadt- und Sch\u00fctzenfesten treten sie in gr\u00f6\u00dferen Gruppen auf, toleriert und akzeptiert vom Gro\u00dfteil der Bev\u00f6lkerung. Engagierte Jugendliche wurden gar von der Polizei vom letzten Stadtfest vertrieben, als sie versuchten auf die Ansammlung der Faschos hinzuweisen.<\/p>\n<p>Doch nicht nur scheinbar zuf\u00e4llige Versammlungen z\u00e4hlen zu ihren Aktivit\u00e4ten, auch organisierte Neonazitreffen geben Anlass zur Sorge: Wie schon 2005 versammelten sich im Juli letzten Jahres Mitglieder der NPD und Anh\u00e4nger der sogenannten Freien Kameradschaften zum \u201cStammtisch Nationaler Kr\u00e4fte\u201d in einer Gastst\u00e4tte an der Walsroderstra\u00dfe, um den Wahlkampf der NPD zur Landtagswahl zu organisieren.<\/p>\n<p>Die Schmerzgrenze ist deutlich \u00fcberschritten. Es ist Zeit f\u00fcr eine Demonstration. Zeigen wir den Nazis, dass sie es sich hier gar nicht erst gem\u00fctlich zu machen brauchen!<\/p>\n<p>Kommt alle zur Demonstration am 27.6. auf den Marktplatz Langenhagen und erhebt Eure Stimme!<\/p>\n<p>Rocken wir lautstark durch Langenhagen und holen uns das zur\u00fcck, was uns geh\u00f6rt \u2013 die Stra\u00dfe!<\/p>\n<p><strong>Infoabend \u201cRechtsextreme Strukturen in Niedersachsen\u201d<\/strong><br \/>\nFreitag, den 20.6.08<br \/>\n19 Uhr Teestube der IGS Langenhagen<\/p>\n<p><strong>Demonstration gegen lokale Nazistrukturen<\/strong><br \/>\nFreitag, den 27.6.08<br \/>\n15 Uhr Marktplatz Langenhagen<\/p>\n<p>Mitglieder von neofaschistischen Parteien, Organisationen und Zusammenschl\u00fcssen, sowie Personen, die uns als Teilnehmerinnen oder Teilnehmer von neofaschistischen Veranstaltungen, Aufm\u00e4rschen und Aktionen bekannt sind, erhalten zu diesen Veranstaltungen keinen Zutritt!&#8216;<\/p><\/blockquote>\n","protected":false},"excerpt":{"rendered":"<p>Zitat von Infogruppe nazifreies Langenhagen: &#8218;Nazistress in Langenhagen? \u2013 Nicht mit uns! Eingeschmissene Fensterscheiben im Jugend\u00adzentrum, mit Naziaufklebern verseuchte Stra\u00dfen, gewaltt\u00e4tige \u00dcbergriffe auf Anders\u00addenkende \u2013 Neonazis konnten sich innerhalb des letzten Jahres viel zu ungest\u00f6rt in Langenhagen ausbreiten. Auf den Stadt- und Sch\u00fctzenfesten treten sie in gr\u00f6\u00dferen Gruppen auf, toleriert und akzeptiert vom Gro\u00dfteil der &hellip; <\/p>\n<p class=\"link-more\"><a href=\"https:\/\/langenhagengegenrechts.de\/index.php\/2008\/06\/16\/infoabend-und-demo-in-langenhagen\/\" class=\"more-link\"><span class=\"screen-reader-text\">\u201eInfoabend und Demo in Langenhagen\u201c <\/span>weiterlesen<\/a><\/p>\n","protected":false},"author":1,"featured_media":0,"comment_status":"closed","ping_status":"closed","sticky":false,"template":"","format":"standard","meta":{"footnotes":""},"categories":[2,3,4,8],"tags":[],"class_list":["post-77","post","type-post","status-publish","format-standard","hentry","category-aktion","category-aufklarung","category-aufruf","category-pressemitteilungen"],"_links":{"self":[{"href":"https:\/\/langenhagengegenrechts.de\/index.php\/wp-json\/wp\/v2\/posts\/77","targetHints":{"allow":["GET"]}}],"collection":[{"href":"https:\/\/langenhagengegenrechts.de\/index.php\/wp-json\/wp\/v2\/posts"}],"about":[{"href":"https:\/\/langenhagengegenrechts.de\/index.php\/wp-json\/wp\/v2\/types\/post"}],"author":[{"embeddable":true,"href":"https:\/\/langenhagengegenrechts.de\/index.php\/wp-json\/wp\/v2\/users\/1"}],"replies":[{"embeddable":true,"href":"https:\/\/langenhagengegenrechts.de\/index.php\/wp-json\/wp\/v2\/comments?post=77"}],"version-history":[{"count":0,"href":"https:\/\/langenhagengegenrechts.de\/index.php\/wp-json\/wp\/v2\/posts\/77\/revisions"}],"wp:attachment":[{"href":"https:\/\/langenhagengegenrechts.de\/index.php\/wp-json\/wp\/v2\/media?parent=77"}],"wp:term":[{"taxonomy":"category","embeddable":true,"href":"https:\/\/langenhagengegenrechts.de\/index.php\/wp-json\/wp\/v2\/categories?post=77"},{"taxonomy":"post_tag","embeddable":true,"href":"https:\/\/langenhagengegenrechts.de\/index.php\/wp-json\/wp\/v2\/tags?post=77"}],"curies":[{"name":"wp","href":"https:\/\/api.w.org\/{rel}","templated":true}]}}