{"id":79,"date":"2008-06-28T17:10:21","date_gmt":"2008-06-28T15:10:21","guid":{"rendered":"http:\/\/lghg.wordpress.com\/?p=79"},"modified":"2008-06-28T17:10:21","modified_gmt":"2008-06-28T15:10:21","slug":"erfolgreiche-demonstration-gegen-neonazis","status":"publish","type":"post","link":"https:\/\/langenhagengegenrechts.de\/index.php\/2008\/06\/28\/erfolgreiche-demonstration-gegen-neonazis\/","title":{"rendered":"Erfolgreiche Demonstration gegen Neonazis"},"content":{"rendered":"<p><img loading=\"lazy\" decoding=\"async\" class=\"alignnone size-medium wp-image-81\" src=\"https:\/\/langenhagengegenrechts.de\/wp-content\/uploads\/2008\/06\/2008-06-28_langenhagen_nazifrei.jpg?w=448\" alt=\"\" width=\"448\" height=\"280\" srcset=\"https:\/\/langenhagengegenrechts.de\/wp-content\/uploads\/2008\/06\/2008-06-28_langenhagen_nazifrei.jpg 448w, https:\/\/langenhagengegenrechts.de\/wp-content\/uploads\/2008\/06\/2008-06-28_langenhagen_nazifrei-300x188.jpg 300w\" sizes=\"auto, (max-width: 448px) 100vw, 448px\" \/><\/p>\n<p>Zitat von <a title=\"Infogruppe nazifreies Langenhagen\" href=\"http:\/\/www.nazifrei-langenhagen.de\/\" target=\"_self\">Infogruppe nazifreies Langenhagen<\/a>:<\/p>\n<blockquote><p>Mehr als hundert Menschen demonstrierten am Freitagnachmittag friedlich gegen Neonazis in Langenhagen. Unter dem Motto \u201eUnsere Stadt wird nazifrei\u201c hatte ein B\u00fcndnis aus politischen Parteien, Gewerkschaften, Sch\u00fclervertretungen und Antifagruppen aufgerufen, sich an dem Umzug durch Langenhagen zu beteiligen.<br \/>\nAngeh\u00f6rige der rechten Szene waren bereits im Vorfeld ausgeladen worden, was diese aber nicht daran hinderte, bereits zu Beginn der auf dem Marktplatz startenden Demonstration die Teilnehmerinnen und Teilnehmer aus dem angrenzenden Einkaufszentrum heraus zu fotografieren.<br \/>\nW\u00e4hrend die Polizei dieses Treiben f\u00fcr unproblematisch hielt und nicht einschritt, kritisiert Oliver Wolf, Sprecher der Infogruppe nazifreies Langenhagen, das Vorgehen der Ordnungsh\u00fcter.<br \/>\n\u201eDass die Polizei in dieser Situation, in der sich mehr als zehn Neonazis der Demonstration n\u00e4herten, nicht eingeschritten ist, halten wir f\u00fcr \u00e4u\u00dferst fahrl\u00e4ssig.\u201c Nur der Besonnenheit der Demonstrantinnen und Demonstranten sei es zu verdanken gewesen, dass es nicht zur Eskalation gekommen sei.<br \/>\nInsgesamt zeigten sich die Veranstalter aber mit dem Verlauf der Veranstaltung zufrieden. Ein Mitglied des Organisationsteams freute sich \u00fcber die rege Beteiligung von Langenhagener B\u00fcrgerinnen und B\u00fcrgern. \u201eWir haben den Nazis gezeigt, dass sie es sich hier gar nicht erst gem\u00fctlich zu machen brauchen, weil es genug Menschen gibt, die rechte Umtriebe in dieser Stadt nicht dulden.\u201c<\/p><\/blockquote>\n","protected":false},"excerpt":{"rendered":"<p>Zitat von Infogruppe nazifreies Langenhagen: Mehr als hundert Menschen demonstrierten am Freitagnachmittag friedlich gegen Neonazis in Langenhagen. Unter dem Motto \u201eUnsere Stadt wird nazifrei\u201c hatte ein B\u00fcndnis aus politischen Parteien, Gewerkschaften, Sch\u00fclervertretungen und Antifagruppen aufgerufen, sich an dem Umzug durch Langenhagen zu beteiligen. Angeh\u00f6rige der rechten Szene waren bereits im Vorfeld ausgeladen worden, was diese &hellip; <\/p>\n<p class=\"link-more\"><a href=\"https:\/\/langenhagengegenrechts.de\/index.php\/2008\/06\/28\/erfolgreiche-demonstration-gegen-neonazis\/\" class=\"more-link\"><span class=\"screen-reader-text\">\u201eErfolgreiche Demonstration gegen Neonazis\u201c <\/span>weiterlesen<\/a><\/p>\n","protected":false},"author":1,"featured_media":0,"comment_status":"closed","ping_status":"closed","sticky":false,"template":"","format":"standard","meta":{"footnotes":""},"categories":[2,8],"tags":[],"class_list":["post-79","post","type-post","status-publish","format-standard","hentry","category-aktion","category-pressemitteilungen"],"_links":{"self":[{"href":"https:\/\/langenhagengegenrechts.de\/index.php\/wp-json\/wp\/v2\/posts\/79","targetHints":{"allow":["GET"]}}],"collection":[{"href":"https:\/\/langenhagengegenrechts.de\/index.php\/wp-json\/wp\/v2\/posts"}],"about":[{"href":"https:\/\/langenhagengegenrechts.de\/index.php\/wp-json\/wp\/v2\/types\/post"}],"author":[{"embeddable":true,"href":"https:\/\/langenhagengegenrechts.de\/index.php\/wp-json\/wp\/v2\/users\/1"}],"replies":[{"embeddable":true,"href":"https:\/\/langenhagengegenrechts.de\/index.php\/wp-json\/wp\/v2\/comments?post=79"}],"version-history":[{"count":0,"href":"https:\/\/langenhagengegenrechts.de\/index.php\/wp-json\/wp\/v2\/posts\/79\/revisions"}],"wp:attachment":[{"href":"https:\/\/langenhagengegenrechts.de\/index.php\/wp-json\/wp\/v2\/media?parent=79"}],"wp:term":[{"taxonomy":"category","embeddable":true,"href":"https:\/\/langenhagengegenrechts.de\/index.php\/wp-json\/wp\/v2\/categories?post=79"},{"taxonomy":"post_tag","embeddable":true,"href":"https:\/\/langenhagengegenrechts.de\/index.php\/wp-json\/wp\/v2\/tags?post=79"}],"curies":[{"name":"wp","href":"https:\/\/api.w.org\/{rel}","templated":true}]}}